{"id":435,"date":"2021-03-04T11:43:58","date_gmt":"2021-03-04T10:43:58","guid":{"rendered":"http:\/\/zvonimirjelinic.from.hr\/?p=435"},"modified":"2021-03-08T11:03:28","modified_gmt":"2021-03-08T10:03:28","slug":"invalidska-kolica-osijek","status":"publish","type":"post","link":"http:\/\/zvonimirjelinic.from.hr\/?p=435","title":{"rendered":"Invalidska kolica i Osijek"},"content":{"rendered":"<p>Pi\u0161e: Ivan Prgomet Selak<\/p>\n<p>&nbsp;<\/p>\n<p>Iz perspektive stopostotnog invalida u elektromotornim invalidskim kolicima koji \u017eivi u samom centru Grada Osijeka \u017eelim uputiti na \u010dinjenicu kako u Gradu Osijeku invalidi nailaze na bezbrojne prepreke koje im onemogu\u0107avaju u\u010dinkovito kretanje gradskim ulicama. Nogostupi bi trebali biti uredno asfaltirani ili poplo\u010deni i ono \u0161to je najva\u017enije ravni. Neprilago\u0111enost nogostupa je evidentna gotovo svugdje u \u0161irem centru grada. Neke ulice ovdje u centru poput Ru\u017eine ulice su maltene neadekvatne i za pje\u0161a\u010denje, cestovni prijelazi bi svi morali imati u makar jednoj to\u010dki od metar i pol \u0161irine blagi kosi nagib, me\u0111utim svima je poznato, a pogotovo osobama koje se za kretanje slu\u017ee invalidskim kolicima, da takvih i sli\u010dni lo\u0161ih primjera u na\u0161em gradu ima napretek.<\/p>\n<p>&nbsp;<\/p>\n<p>Na brojnim lokacijama neravni i uni\u0161teni nogostupi nisu jedini problem. Nerazumno mi je kako grad ne \u017eeli da mu stopostotni invalidi u elektromotornim kolicima dolaze u gradske ustanove\u2026gradski javni prijevoz je \u017ealosno neadekvatan. Svojevremeno su se gradske vlasti hvalile s nekom tako nazovi rampom za GPP autobus. Bio sam jednom u tome, do\u017eivljaj je skoro kao u filmu Davida Lyncha&#8230;o tramvajima i ulasku u tramvaju za invalide ne vrijedi ni pri\u010dati.<\/p>\n<p>&nbsp;<\/p>\n<p>Uglavnom Osijek je za invalide izrazito unfriendly grad. Puno manji gradovi poput Rovinja s na\u0161e obale su Monte Carlo po tom pitanju za Osijek. Jeftino bi bilo re\u0107i neku nebulozu tipa, ipak je to Istra i turisti\u010dka destinacija&#8230;.<\/p>\n<p>&nbsp;<\/p>\n<p>Jedine \u201cjavne ustanove\u201d u na\u0161em ogromnom selu gdje imam, nazovimo to adekvatan pristup su pothodnik, kapucinska crkva Sv. Jakova apostola, pristup je koliko-toliko prilogo\u0111en u \u201c\u017eutom\u201d domu zdravlja i sudu.<\/p>\n<p>&nbsp;<\/p>\n<p>Nijednom stopostotnom invalidu ne bih preporu\u010dio preseljenje u Osijek.<\/p>\n<p>&nbsp;<\/p>\n<p>Vrije\u0111a me kada mi netko ka\u017ee da je Osijek po propisima adekvatno i dostatno prilago\u0111en svim vrstama invalida. Najbolje bi bilo, ovo radi dobivanja uvida u pravo stanje stvari da svi oni koji misle ili tvrde da je Osijek grad koji je prilago\u0111en za kretanje invalidima sjednu u moja invalidska kolica pa \u0107e brzo vidjeti gdje \u0107e se sve mo\u0107i i uop\u0107e htjeti kretati\u2026<\/p>\n<p>&nbsp;<\/p>\n<p>Osijek &#8211; moderan EU grad je floskula nad floskulama.<\/p>\n<p>&nbsp;<\/p>\n<p>Za\u0161to ne\u0107e biti bolje?<\/p>\n<p>&nbsp;<\/p>\n<p>Jednostavno, na\u0161 Osijek \u0107e uvijek biti u nekom beskrajnom procesu modernizacije, kapital je danas apsolutno sve i oni koji imaju love mogu raditi zidati i graditi \u0161to god i kako god ho\u0107e, mi invalidi smo jade i o na\u0161im problemima nitko ne brine pa ni oni koji bi trebali slijediti neke EU trendove i pravila i sve se svodi na sna\u0111i se sine ako uspije\u0161 dose\u0107i ne\u0161to iole bolje od zamaskiranog minimuma invalidske pomo\u0107i.<\/p>\n<p>&nbsp;<\/p>\n<p>Po nekoj jednostavnoj i razumnoj logici tu u strogom centru grada bi sve trebalo biti pristupa\u010dnije stopostotnim invalidima nego u nekim drugim kvartovima grada\u2026&#8230;ali ne! Mi smo samo grad koji \u017eivi isklju\u010divo na \u201cdivnim starim sje\u0107anjima\u201d i insuficijentnim parolama poput \u201cPokrenimo grad\u201d. &nbsp;U Europi najnormalnije stvari poput politike osiguranja pristupa za invalide provode se beskompromisno i kvalitetno. Nema tu pregovaranja s onima koji bi trebali imati rampe i osigurati pristup za invalide jer je to jednostavno pravilo i obveza. Nemojmo zaboraviti niti \u010dinjenicu da u Osijeku osim \u0161to se na\u010delno proklamira kao grad koji osigurava invalidima kretanje ima i podru\u010dni ured Pravobranitelja za osobe s invaliditetom, pa ipak ni\u0161ta se pametno ne doga\u0111a niti se infrastruktura za invalide unaprje\u0111uje, \u010dak i kada su u pitanju same gradske institucije. &nbsp;<\/p>\n","protected":false},"excerpt":{"rendered":"<p>Pi\u0161e: Ivan Prgomet Selak &nbsp; Iz perspektive stopostotnog invalida u elektromotornim invalidskim kolicima koji \u017eivi u samom centru Grada Osijeka \u017eelim uputiti na \u010dinjenicu kako u Gradu Osijeku invalidi nailaze na bezbrojne prepreke koje im onemogu\u0107avaju u\u010dinkovito kretanje gradskim ulicama&#8230;.<\/p>\n","protected":false},"author":1044,"featured_media":442,"comment_status":"open","ping_status":"open","sticky":false,"template":"","format":"standard","meta":{"ngg_post_thumbnail":0},"categories":[1],"tags":[],"yoast_head":"<!-- This site is optimized with the Yoast SEO plugin v17.5 - https:\/\/yoast.com\/wordpress\/plugins\/seo\/ -->\n<title>Invalidska kolica i Osijek - Izv. prof. dr. Zvonimir Jelini\u0107 - Home Page<\/title>\n<meta name=\"robots\" content=\"index, follow, max-snippet:-1, max-image-preview:large, max-video-preview:-1\" \/>\n<link rel=\"canonical\" href=\"http:\/\/zvonimirjelinic.from.hr\/?p=435\" \/>\n<meta property=\"og:locale\" content=\"hr_HR\" \/>\n<meta property=\"og:type\" content=\"article\" \/>\n<meta property=\"og:title\" content=\"Invalidska kolica i Osijek - Izv. prof. dr. Zvonimir Jelini\u0107 - Home Page\" \/>\n<meta property=\"og:description\" content=\"Pi\u0161e: Ivan Prgomet Selak &nbsp; Iz perspektive stopostotnog invalida u elektromotornim invalidskim kolicima koji \u017eivi u samom centru Grada Osijeka \u017eelim uputiti na \u010dinjenicu kako u Gradu Osijeku invalidi nailaze na bezbrojne prepreke koje im onemogu\u0107avaju u\u010dinkovito kretanje gradskim ulicama....\" \/>\n<meta property=\"og:url\" content=\"http:\/\/zvonimirjelinic.from.hr\/?p=435\" \/>\n<meta property=\"og:site_name\" content=\"Izv. prof. dr. Zvonimir Jelini\u0107 - Home Page\" \/>\n<meta property=\"article:published_time\" content=\"2021-03-04T10:43:58+00:00\" \/>\n<meta property=\"article:modified_time\" content=\"2021-03-08T10:03:28+00:00\" \/>\n<meta property=\"og:image\" content=\"http:\/\/from.hr\/zvonimirjelinic\/files\/2021\/03\/20210304_120029-Small-e1614856707242-150x150.jpg\" \/>\n\t<meta property=\"og:image:width\" content=\"150\" \/>\n\t<meta property=\"og:image:height\" content=\"150\" \/>\n<meta name=\"twitter:card\" content=\"summary\" \/>\n<meta name=\"twitter:label1\" content=\"Napisao\/la\" \/>\n\t<meta name=\"twitter:data1\" content=\"zvonimirjelinic\" \/>\n\t<meta name=\"twitter:label2\" content=\"Procijenjeno vrijeme \u010ditanja\" \/>\n\t<meta name=\"twitter:data2\" content=\"3 minute\" \/>\n<script type=\"application\/ld+json\" class=\"yoast-schema-graph\">{\"@context\":\"https:\/\/schema.org\",\"@graph\":[{\"@type\":\"WebSite\",\"@id\":\"http:\/\/zvonimirjelinic.from.hr\/#website\",\"url\":\"http:\/\/zvonimirjelinic.from.hr\/\",\"name\":\"Izv. prof. dr. Zvonimir Jelini\\u0107 - Home Page\",\"description\":\"\",\"publisher\":{\"@id\":\"http:\/\/zvonimirjelinic.from.hr\/#\/schema\/person\/902802c132d5af8d138cf9882ffcea52\"},\"potentialAction\":[{\"@type\":\"SearchAction\",\"target\":{\"@type\":\"EntryPoint\",\"urlTemplate\":\"http:\/\/zvonimirjelinic.from.hr\/?s={search_term_string}\"},\"query-input\":\"required name=search_term_string\"}],\"inLanguage\":\"hr\"},{\"@type\":\"ImageObject\",\"@id\":\"http:\/\/zvonimirjelinic.from.hr\/?p=435#primaryimage\",\"inLanguage\":\"hr\",\"url\":\"http:\/\/from.hr\/zvonimirjelinic\/files\/2021\/03\/20210304_120029-Small-e1614856707242-150x150.jpg\",\"contentUrl\":\"http:\/\/from.hr\/zvonimirjelinic\/files\/2021\/03\/20210304_120029-Small-e1614856707242-150x150.jpg\",\"width\":150,\"height\":150},{\"@type\":\"WebPage\",\"@id\":\"http:\/\/zvonimirjelinic.from.hr\/?p=435#webpage\",\"url\":\"http:\/\/zvonimirjelinic.from.hr\/?p=435\",\"name\":\"Invalidska kolica i Osijek - Izv. prof. dr. Zvonimir Jelini\\u0107 - Home Page\",\"isPartOf\":{\"@id\":\"http:\/\/zvonimirjelinic.from.hr\/#website\"},\"primaryImageOfPage\":{\"@id\":\"http:\/\/zvonimirjelinic.from.hr\/?p=435#primaryimage\"},\"datePublished\":\"2021-03-04T10:43:58+00:00\",\"dateModified\":\"2021-03-08T10:03:28+00:00\",\"breadcrumb\":{\"@id\":\"http:\/\/zvonimirjelinic.from.hr\/?p=435#breadcrumb\"},\"inLanguage\":\"hr\",\"potentialAction\":[{\"@type\":\"ReadAction\",\"target\":[\"http:\/\/zvonimirjelinic.from.hr\/?p=435\"]}]},{\"@type\":\"BreadcrumbList\",\"@id\":\"http:\/\/zvonimirjelinic.from.hr\/?p=435#breadcrumb\",\"itemListElement\":[{\"@type\":\"ListItem\",\"position\":1,\"name\":\"Home\",\"item\":\"http:\/\/zvonimirjelinic.from.hr\/\"},{\"@type\":\"ListItem\",\"position\":2,\"name\":\"Invalidska kolica i Osijek\"}]},{\"@type\":\"Article\",\"@id\":\"http:\/\/zvonimirjelinic.from.hr\/?p=435#article\",\"isPartOf\":{\"@id\":\"http:\/\/zvonimirjelinic.from.hr\/?p=435#webpage\"},\"author\":{\"@id\":\"http:\/\/zvonimirjelinic.from.hr\/#\/schema\/person\/902802c132d5af8d138cf9882ffcea52\"},\"headline\":\"Invalidska kolica i Osijek\",\"datePublished\":\"2021-03-04T10:43:58+00:00\",\"dateModified\":\"2021-03-08T10:03:28+00:00\",\"mainEntityOfPage\":{\"@id\":\"http:\/\/zvonimirjelinic.from.hr\/?p=435#webpage\"},\"wordCount\":612,\"commentCount\":0,\"publisher\":{\"@id\":\"http:\/\/zvonimirjelinic.from.hr\/#\/schema\/person\/902802c132d5af8d138cf9882ffcea52\"},\"image\":{\"@id\":\"http:\/\/zvonimirjelinic.from.hr\/?p=435#primaryimage\"},\"thumbnailUrl\":\"http:\/\/from.hr\/zvonimirjelinic\/files\/2021\/03\/20210304_120029-Small-e1614856707242-150x150.jpg\",\"articleSection\":[\"Uncategorized\"],\"inLanguage\":\"hr\",\"potentialAction\":[{\"@type\":\"CommentAction\",\"name\":\"Comment\",\"target\":[\"http:\/\/zvonimirjelinic.from.hr\/?p=435#respond\"]}]},{\"@type\":[\"Person\",\"Organization\"],\"@id\":\"http:\/\/zvonimirjelinic.from.hr\/#\/schema\/person\/902802c132d5af8d138cf9882ffcea52\",\"name\":\"zvonimirjelinic\",\"image\":{\"@type\":\"ImageObject\",\"@id\":\"http:\/\/zvonimirjelinic.from.hr\/#personlogo\",\"inLanguage\":\"hr\",\"url\":\"http:\/\/1.gravatar.com\/avatar\/75deb054044120dc99dc4bb5ddfca5f7?s=96&d=blank&r=g\",\"contentUrl\":\"http:\/\/1.gravatar.com\/avatar\/75deb054044120dc99dc4bb5ddfca5f7?s=96&d=blank&r=g\",\"caption\":\"zvonimirjelinic\"},\"logo\":{\"@id\":\"http:\/\/zvonimirjelinic.from.hr\/#personlogo\"}}]}<\/script>\n<!-- \/ Yoast SEO plugin. -->","yoast_head_json":{"title":"Invalidska kolica i Osijek - Izv. prof. dr. Zvonimir Jelini\u0107 - Home Page","robots":{"index":"index","follow":"follow","max-snippet":"max-snippet:-1","max-image-preview":"max-image-preview:large","max-video-preview":"max-video-preview:-1"},"canonical":"http:\/\/zvonimirjelinic.from.hr\/?p=435","og_locale":"hr_HR","og_type":"article","og_title":"Invalidska kolica i Osijek - Izv. prof. dr. Zvonimir Jelini\u0107 - Home Page","og_description":"Pi\u0161e: Ivan Prgomet Selak &nbsp; Iz perspektive stopostotnog invalida u elektromotornim invalidskim kolicima koji \u017eivi u samom centru Grada Osijeka \u017eelim uputiti na \u010dinjenicu kako u Gradu Osijeku invalidi nailaze na bezbrojne prepreke koje im onemogu\u0107avaju u\u010dinkovito kretanje gradskim ulicama....","og_url":"http:\/\/zvonimirjelinic.from.hr\/?p=435","og_site_name":"Izv. prof. dr. Zvonimir Jelini\u0107 - Home Page","article_published_time":"2021-03-04T10:43:58+00:00","article_modified_time":"2021-03-08T10:03:28+00:00","og_image":[{"width":150,"height":150,"url":"http:\/\/from.hr\/zvonimirjelinic\/files\/2021\/03\/20210304_120029-Small-e1614856707242-150x150.jpg","type":"image\/jpeg"}],"twitter_card":"summary","twitter_misc":{"Napisao\/la":"zvonimirjelinic","Procijenjeno vrijeme \u010ditanja":"3 minute"},"schema":{"@context":"https:\/\/schema.org","@graph":[{"@type":"WebSite","@id":"http:\/\/zvonimirjelinic.from.hr\/#website","url":"http:\/\/zvonimirjelinic.from.hr\/","name":"Izv. prof. dr. Zvonimir Jelini\u0107 - Home Page","description":"","publisher":{"@id":"http:\/\/zvonimirjelinic.from.hr\/#\/schema\/person\/902802c132d5af8d138cf9882ffcea52"},"potentialAction":[{"@type":"SearchAction","target":{"@type":"EntryPoint","urlTemplate":"http:\/\/zvonimirjelinic.from.hr\/?s={search_term_string}"},"query-input":"required name=search_term_string"}],"inLanguage":"hr"},{"@type":"ImageObject","@id":"http:\/\/zvonimirjelinic.from.hr\/?p=435#primaryimage","inLanguage":"hr","url":"http:\/\/from.hr\/zvonimirjelinic\/files\/2021\/03\/20210304_120029-Small-e1614856707242-150x150.jpg","contentUrl":"http:\/\/from.hr\/zvonimirjelinic\/files\/2021\/03\/20210304_120029-Small-e1614856707242-150x150.jpg","width":150,"height":150},{"@type":"WebPage","@id":"http:\/\/zvonimirjelinic.from.hr\/?p=435#webpage","url":"http:\/\/zvonimirjelinic.from.hr\/?p=435","name":"Invalidska kolica i Osijek - Izv. prof. dr. Zvonimir Jelini\u0107 - Home Page","isPartOf":{"@id":"http:\/\/zvonimirjelinic.from.hr\/#website"},"primaryImageOfPage":{"@id":"http:\/\/zvonimirjelinic.from.hr\/?p=435#primaryimage"},"datePublished":"2021-03-04T10:43:58+00:00","dateModified":"2021-03-08T10:03:28+00:00","breadcrumb":{"@id":"http:\/\/zvonimirjelinic.from.hr\/?p=435#breadcrumb"},"inLanguage":"hr","potentialAction":[{"@type":"ReadAction","target":["http:\/\/zvonimirjelinic.from.hr\/?p=435"]}]},{"@type":"BreadcrumbList","@id":"http:\/\/zvonimirjelinic.from.hr\/?p=435#breadcrumb","itemListElement":[{"@type":"ListItem","position":1,"name":"Home","item":"http:\/\/zvonimirjelinic.from.hr\/"},{"@type":"ListItem","position":2,"name":"Invalidska kolica i Osijek"}]},{"@type":"Article","@id":"http:\/\/zvonimirjelinic.from.hr\/?p=435#article","isPartOf":{"@id":"http:\/\/zvonimirjelinic.from.hr\/?p=435#webpage"},"author":{"@id":"http:\/\/zvonimirjelinic.from.hr\/#\/schema\/person\/902802c132d5af8d138cf9882ffcea52"},"headline":"Invalidska kolica i Osijek","datePublished":"2021-03-04T10:43:58+00:00","dateModified":"2021-03-08T10:03:28+00:00","mainEntityOfPage":{"@id":"http:\/\/zvonimirjelinic.from.hr\/?p=435#webpage"},"wordCount":612,"commentCount":0,"publisher":{"@id":"http:\/\/zvonimirjelinic.from.hr\/#\/schema\/person\/902802c132d5af8d138cf9882ffcea52"},"image":{"@id":"http:\/\/zvonimirjelinic.from.hr\/?p=435#primaryimage"},"thumbnailUrl":"http:\/\/from.hr\/zvonimirjelinic\/files\/2021\/03\/20210304_120029-Small-e1614856707242-150x150.jpg","articleSection":["Uncategorized"],"inLanguage":"hr","potentialAction":[{"@type":"CommentAction","name":"Comment","target":["http:\/\/zvonimirjelinic.from.hr\/?p=435#respond"]}]},{"@type":["Person","Organization"],"@id":"http:\/\/zvonimirjelinic.from.hr\/#\/schema\/person\/902802c132d5af8d138cf9882ffcea52","name":"zvonimirjelinic","image":{"@type":"ImageObject","@id":"http:\/\/zvonimirjelinic.from.hr\/#personlogo","inLanguage":"hr","url":"http:\/\/1.gravatar.com\/avatar\/75deb054044120dc99dc4bb5ddfca5f7?s=96&d=blank&r=g","contentUrl":"http:\/\/1.gravatar.com\/avatar\/75deb054044120dc99dc4bb5ddfca5f7?s=96&d=blank&r=g","caption":"zvonimirjelinic"},"logo":{"@id":"http:\/\/zvonimirjelinic.from.hr\/#personlogo"}}]}},"_links":{"self":[{"href":"http:\/\/zvonimirjelinic.from.hr\/index.php?rest_route=\/wp\/v2\/posts\/435"}],"collection":[{"href":"http:\/\/zvonimirjelinic.from.hr\/index.php?rest_route=\/wp\/v2\/posts"}],"about":[{"href":"http:\/\/zvonimirjelinic.from.hr\/index.php?rest_route=\/wp\/v2\/types\/post"}],"author":[{"embeddable":true,"href":"http:\/\/zvonimirjelinic.from.hr\/index.php?rest_route=\/wp\/v2\/users\/1044"}],"replies":[{"embeddable":true,"href":"http:\/\/zvonimirjelinic.from.hr\/index.php?rest_route=%2Fwp%2Fv2%2Fcomments&post=435"}],"version-history":[{"count":3,"href":"http:\/\/zvonimirjelinic.from.hr\/index.php?rest_route=\/wp\/v2\/posts\/435\/revisions"}],"predecessor-version":[{"id":441,"href":"http:\/\/zvonimirjelinic.from.hr\/index.php?rest_route=\/wp\/v2\/posts\/435\/revisions\/441"}],"wp:featuredmedia":[{"embeddable":true,"href":"http:\/\/zvonimirjelinic.from.hr\/index.php?rest_route=\/wp\/v2\/media\/442"}],"wp:attachment":[{"href":"http:\/\/zvonimirjelinic.from.hr\/index.php?rest_route=%2Fwp%2Fv2%2Fmedia&parent=435"}],"wp:term":[{"taxonomy":"category","embeddable":true,"href":"http:\/\/zvonimirjelinic.from.hr\/index.php?rest_route=%2Fwp%2Fv2%2Fcategories&post=435"},{"taxonomy":"post_tag","embeddable":true,"href":"http:\/\/zvonimirjelinic.from.hr\/index.php?rest_route=%2Fwp%2Fv2%2Ftags&post=435"}],"curies":[{"name":"wp","href":"https:\/\/api.w.org\/{rel}","templated":true}]}}