{"id":475,"date":"2021-04-08T11:43:01","date_gmt":"2021-04-08T10:43:01","guid":{"rendered":"http:\/\/zvonimirjelinic.from.hr\/?p=475"},"modified":"2021-04-08T12:25:50","modified_gmt":"2021-04-08T11:25:50","slug":"lezeci-policajci-dopis","status":"publish","type":"post","link":"http:\/\/zvonimirjelinic.from.hr\/?p=475","title":{"rendered":"Le\u017ee\u0107i policajci &#8211; dopis"},"content":{"rendered":"<!-- index.php -->\n<div\n\tclass=\"ngg-galleryoverview ngg-ajax-pagination-none\"\n\tid=\"ngg-gallery-7d16268c8dfe13f22e9463d5a57e3245-1\">\n\n    \t<div class=\"slideshowlink\">\n        <a href='http:\/\/zvonimirjelinic.from.hr\/index.php\/nggallery\/slideshow?p=475'>&#091;Show slideshow&#093;<\/a>\n\t\t\n\t<\/div>\n\t\t\t<!-- Thumbnails -->\n\t\t\t\t<div id=\"ngg-image-0\" class=\"ngg-gallery-thumbnail-box\" >\n\t\t\t\t        <div class=\"ngg-gallery-thumbnail\">\n            <a href=\"http:\/\/zvonimirjelinic.from.hr\/wp-content\/uploads\/sites\/1072\/nggallery\/dopis_policajci\/dopis_policajci.png\"\n               title=\"\"\n               data-src=\"http:\/\/zvonimirjelinic.from.hr\/wp-content\/uploads\/sites\/1072\/nggallery\/dopis_policajci\/dopis_policajci.png\"\n               data-thumbnail=\"http:\/\/zvonimirjelinic.from.hr\/wp-content\/uploads\/sites\/1072\/nggallery\/dopis_policajci\/thumbs\/thumbs_dopis_policajci.png\"\n               data-image-id=\"30\"\n               data-title=\"dopis_policajci\"\n               data-description=\"\"\n               data-image-slug=\"dopis_policajci\"\n               class=\"ngg-fancybox\" rel=\"7d16268c8dfe13f22e9463d5a57e3245\">\n                <img\n                    title=\"dopis_policajci\"\n                    alt=\"dopis_policajci\"\n                    src=\"http:\/\/zvonimirjelinic.from.hr\/wp-content\/uploads\/sites\/1072\/nggallery\/dopis_policajci\/thumbs\/thumbs_dopis_policajci.png\"\n                    width=\"240\"\n                    height=\"160\"\n                    style=\"max-width:100%;\"\n                \/>\n            <\/a>\n        <\/div>\n\t\t\t\t\t\t\t<\/div> \n\t\t\t\n        \n\t\t\n\t\t<!-- Pagination -->\n\t<div class='ngg-clear'><\/div>\t<\/div>\n\n","protected":false},"excerpt":{"rendered":"<p>&#8221; order_by=&#8221;sortorder&#8221; order_direction=&#8221;ASC&#8221; returns=&#8221;included&#8221; maximum_entity_count=&#8221;20&#8243;]<\/p>\n","protected":false},"author":1044,"featured_media":281,"comment_status":"open","ping_status":"open","sticky":false,"template":"","format":"standard","meta":{"ngg_post_thumbnail":0},"categories":[1],"tags":[],"yoast_head":"<!-- This site is optimized with the Yoast SEO plugin v17.5 - https:\/\/yoast.com\/wordpress\/plugins\/seo\/ -->\n<title>Le\u017ee\u0107i policajci - dopis - Izv. prof. dr. Zvonimir Jelini\u0107 - Home Page<\/title>\n<meta name=\"robots\" content=\"index, follow, max-snippet:-1, max-image-preview:large, max-video-preview:-1\" \/>\n<link rel=\"canonical\" href=\"http:\/\/zvonimirjelinic.from.hr\/?p=475\" \/>\n<meta property=\"og:locale\" content=\"hr_HR\" \/>\n<meta property=\"og:type\" content=\"article\" \/>\n<meta property=\"og:title\" content=\"Le\u017ee\u0107i policajci - dopis - Izv. prof. dr. Zvonimir Jelini\u0107 - Home Page\" \/>\n<meta property=\"og:description\" content=\"&#8221; order_by=&#8221;sortorder&#8221; order_direction=&#8221;ASC&#8221; returns=&#8221;included&#8221; maximum_entity_count=&#8221;20&#8243;]\" \/>\n<meta property=\"og:url\" content=\"http:\/\/zvonimirjelinic.from.hr\/?p=475\" \/>\n<meta property=\"og:site_name\" content=\"Izv. prof. dr. Zvonimir Jelini\u0107 - Home Page\" \/>\n<meta property=\"article:published_time\" content=\"2021-04-08T10:43:01+00:00\" \/>\n<meta property=\"article:modified_time\" content=\"2021-04-08T11:25:50+00:00\" \/>\n<meta property=\"og:image\" content=\"http:\/\/from.hr\/zvonimirjelinic\/files\/2021\/02\/PXL_20210207_113741897.jpg\" \/>\n\t<meta property=\"og:image:width\" content=\"640\" \/>\n\t<meta property=\"og:image:height\" content=\"360\" \/>\n<meta name=\"twitter:card\" content=\"summary\" \/>\n<meta name=\"twitter:label1\" content=\"Napisao\/la\" \/>\n\t<meta name=\"twitter:data1\" content=\"zvonimirjelinic\" \/>\n<script type=\"application\/ld+json\" class=\"yoast-schema-graph\">{\"@context\":\"https:\/\/schema.org\",\"@graph\":[{\"@type\":\"WebSite\",\"@id\":\"http:\/\/zvonimirjelinic.from.hr\/#website\",\"url\":\"http:\/\/zvonimirjelinic.from.hr\/\",\"name\":\"Izv. prof. dr. Zvonimir Jelini\\u0107 - Home Page\",\"description\":\"\",\"publisher\":{\"@id\":\"http:\/\/zvonimirjelinic.from.hr\/#\/schema\/person\/902802c132d5af8d138cf9882ffcea52\"},\"potentialAction\":[{\"@type\":\"SearchAction\",\"target\":{\"@type\":\"EntryPoint\",\"urlTemplate\":\"http:\/\/zvonimirjelinic.from.hr\/?s={search_term_string}\"},\"query-input\":\"required name=search_term_string\"}],\"inLanguage\":\"hr\"},{\"@type\":\"ImageObject\",\"@id\":\"http:\/\/zvonimirjelinic.from.hr\/?p=475#primaryimage\",\"inLanguage\":\"hr\",\"url\":\"http:\/\/from.hr\/zvonimirjelinic\/files\/2021\/02\/PXL_20210207_113741897.jpg\",\"contentUrl\":\"http:\/\/from.hr\/zvonimirjelinic\/files\/2021\/02\/PXL_20210207_113741897.jpg\",\"width\":640,\"height\":360},{\"@type\":\"WebPage\",\"@id\":\"http:\/\/zvonimirjelinic.from.hr\/?p=475#webpage\",\"url\":\"http:\/\/zvonimirjelinic.from.hr\/?p=475\",\"name\":\"Le\\u017ee\\u0107i policajci - dopis - Izv. prof. dr. Zvonimir Jelini\\u0107 - Home Page\",\"isPartOf\":{\"@id\":\"http:\/\/zvonimirjelinic.from.hr\/#website\"},\"primaryImageOfPage\":{\"@id\":\"http:\/\/zvonimirjelinic.from.hr\/?p=475#primaryimage\"},\"datePublished\":\"2021-04-08T10:43:01+00:00\",\"dateModified\":\"2021-04-08T11:25:50+00:00\",\"breadcrumb\":{\"@id\":\"http:\/\/zvonimirjelinic.from.hr\/?p=475#breadcrumb\"},\"inLanguage\":\"hr\",\"potentialAction\":[{\"@type\":\"ReadAction\",\"target\":[\"http:\/\/zvonimirjelinic.from.hr\/?p=475\"]}]},{\"@type\":\"BreadcrumbList\",\"@id\":\"http:\/\/zvonimirjelinic.from.hr\/?p=475#breadcrumb\",\"itemListElement\":[{\"@type\":\"ListItem\",\"position\":1,\"name\":\"Home\",\"item\":\"http:\/\/zvonimirjelinic.from.hr\/\"},{\"@type\":\"ListItem\",\"position\":2,\"name\":\"Le\\u017ee\\u0107i policajci &#8211; dopis\"}]},{\"@type\":\"Article\",\"@id\":\"http:\/\/zvonimirjelinic.from.hr\/?p=475#article\",\"isPartOf\":{\"@id\":\"http:\/\/zvonimirjelinic.from.hr\/?p=475#webpage\"},\"author\":{\"@id\":\"http:\/\/zvonimirjelinic.from.hr\/#\/schema\/person\/902802c132d5af8d138cf9882ffcea52\"},\"headline\":\"Le\\u017ee\\u0107i policajci &#8211; dopis\",\"datePublished\":\"2021-04-08T10:43:01+00:00\",\"dateModified\":\"2021-04-08T11:25:50+00:00\",\"mainEntityOfPage\":{\"@id\":\"http:\/\/zvonimirjelinic.from.hr\/?p=475#webpage\"},\"wordCount\":60,\"commentCount\":0,\"publisher\":{\"@id\":\"http:\/\/zvonimirjelinic.from.hr\/#\/schema\/person\/902802c132d5af8d138cf9882ffcea52\"},\"image\":{\"@id\":\"http:\/\/zvonimirjelinic.from.hr\/?p=475#primaryimage\"},\"thumbnailUrl\":\"http:\/\/from.hr\/zvonimirjelinic\/files\/2021\/02\/PXL_20210207_113741897.jpg\",\"articleSection\":[\"Uncategorized\"],\"inLanguage\":\"hr\",\"potentialAction\":[{\"@type\":\"CommentAction\",\"name\":\"Comment\",\"target\":[\"http:\/\/zvonimirjelinic.from.hr\/?p=475#respond\"]}]},{\"@type\":[\"Person\",\"Organization\"],\"@id\":\"http:\/\/zvonimirjelinic.from.hr\/#\/schema\/person\/902802c132d5af8d138cf9882ffcea52\",\"name\":\"zvonimirjelinic\",\"image\":{\"@type\":\"ImageObject\",\"@id\":\"http:\/\/zvonimirjelinic.from.hr\/#personlogo\",\"inLanguage\":\"hr\",\"url\":\"http:\/\/1.gravatar.com\/avatar\/75deb054044120dc99dc4bb5ddfca5f7?s=96&d=blank&r=g\",\"contentUrl\":\"http:\/\/1.gravatar.com\/avatar\/75deb054044120dc99dc4bb5ddfca5f7?s=96&d=blank&r=g\",\"caption\":\"zvonimirjelinic\"},\"logo\":{\"@id\":\"http:\/\/zvonimirjelinic.from.hr\/#personlogo\"}}]}<\/script>\n<!-- \/ Yoast SEO plugin. -->","yoast_head_json":{"title":"Le\u017ee\u0107i policajci - dopis - Izv. prof. dr. Zvonimir Jelini\u0107 - Home Page","robots":{"index":"index","follow":"follow","max-snippet":"max-snippet:-1","max-image-preview":"max-image-preview:large","max-video-preview":"max-video-preview:-1"},"canonical":"http:\/\/zvonimirjelinic.from.hr\/?p=475","og_locale":"hr_HR","og_type":"article","og_title":"Le\u017ee\u0107i policajci - dopis - Izv. prof. dr. Zvonimir Jelini\u0107 - Home Page","og_description":"&#8221; order_by=&#8221;sortorder&#8221; order_direction=&#8221;ASC&#8221; returns=&#8221;included&#8221; maximum_entity_count=&#8221;20&#8243;]","og_url":"http:\/\/zvonimirjelinic.from.hr\/?p=475","og_site_name":"Izv. prof. dr. Zvonimir Jelini\u0107 - Home Page","article_published_time":"2021-04-08T10:43:01+00:00","article_modified_time":"2021-04-08T11:25:50+00:00","og_image":[{"width":640,"height":360,"url":"http:\/\/from.hr\/zvonimirjelinic\/files\/2021\/02\/PXL_20210207_113741897.jpg","type":"image\/jpeg"}],"twitter_card":"summary","twitter_misc":{"Napisao\/la":"zvonimirjelinic"},"schema":{"@context":"https:\/\/schema.org","@graph":[{"@type":"WebSite","@id":"http:\/\/zvonimirjelinic.from.hr\/#website","url":"http:\/\/zvonimirjelinic.from.hr\/","name":"Izv. prof. dr. Zvonimir Jelini\u0107 - Home Page","description":"","publisher":{"@id":"http:\/\/zvonimirjelinic.from.hr\/#\/schema\/person\/902802c132d5af8d138cf9882ffcea52"},"potentialAction":[{"@type":"SearchAction","target":{"@type":"EntryPoint","urlTemplate":"http:\/\/zvonimirjelinic.from.hr\/?s={search_term_string}"},"query-input":"required name=search_term_string"}],"inLanguage":"hr"},{"@type":"ImageObject","@id":"http:\/\/zvonimirjelinic.from.hr\/?p=475#primaryimage","inLanguage":"hr","url":"http:\/\/from.hr\/zvonimirjelinic\/files\/2021\/02\/PXL_20210207_113741897.jpg","contentUrl":"http:\/\/from.hr\/zvonimirjelinic\/files\/2021\/02\/PXL_20210207_113741897.jpg","width":640,"height":360},{"@type":"WebPage","@id":"http:\/\/zvonimirjelinic.from.hr\/?p=475#webpage","url":"http:\/\/zvonimirjelinic.from.hr\/?p=475","name":"Le\u017ee\u0107i policajci - dopis - Izv. prof. dr. Zvonimir Jelini\u0107 - Home Page","isPartOf":{"@id":"http:\/\/zvonimirjelinic.from.hr\/#website"},"primaryImageOfPage":{"@id":"http:\/\/zvonimirjelinic.from.hr\/?p=475#primaryimage"},"datePublished":"2021-04-08T10:43:01+00:00","dateModified":"2021-04-08T11:25:50+00:00","breadcrumb":{"@id":"http:\/\/zvonimirjelinic.from.hr\/?p=475#breadcrumb"},"inLanguage":"hr","potentialAction":[{"@type":"ReadAction","target":["http:\/\/zvonimirjelinic.from.hr\/?p=475"]}]},{"@type":"BreadcrumbList","@id":"http:\/\/zvonimirjelinic.from.hr\/?p=475#breadcrumb","itemListElement":[{"@type":"ListItem","position":1,"name":"Home","item":"http:\/\/zvonimirjelinic.from.hr\/"},{"@type":"ListItem","position":2,"name":"Le\u017ee\u0107i policajci &#8211; dopis"}]},{"@type":"Article","@id":"http:\/\/zvonimirjelinic.from.hr\/?p=475#article","isPartOf":{"@id":"http:\/\/zvonimirjelinic.from.hr\/?p=475#webpage"},"author":{"@id":"http:\/\/zvonimirjelinic.from.hr\/#\/schema\/person\/902802c132d5af8d138cf9882ffcea52"},"headline":"Le\u017ee\u0107i policajci &#8211; dopis","datePublished":"2021-04-08T10:43:01+00:00","dateModified":"2021-04-08T11:25:50+00:00","mainEntityOfPage":{"@id":"http:\/\/zvonimirjelinic.from.hr\/?p=475#webpage"},"wordCount":60,"commentCount":0,"publisher":{"@id":"http:\/\/zvonimirjelinic.from.hr\/#\/schema\/person\/902802c132d5af8d138cf9882ffcea52"},"image":{"@id":"http:\/\/zvonimirjelinic.from.hr\/?p=475#primaryimage"},"thumbnailUrl":"http:\/\/from.hr\/zvonimirjelinic\/files\/2021\/02\/PXL_20210207_113741897.jpg","articleSection":["Uncategorized"],"inLanguage":"hr","potentialAction":[{"@type":"CommentAction","name":"Comment","target":["http:\/\/zvonimirjelinic.from.hr\/?p=475#respond"]}]},{"@type":["Person","Organization"],"@id":"http:\/\/zvonimirjelinic.from.hr\/#\/schema\/person\/902802c132d5af8d138cf9882ffcea52","name":"zvonimirjelinic","image":{"@type":"ImageObject","@id":"http:\/\/zvonimirjelinic.from.hr\/#personlogo","inLanguage":"hr","url":"http:\/\/1.gravatar.com\/avatar\/75deb054044120dc99dc4bb5ddfca5f7?s=96&d=blank&r=g","contentUrl":"http:\/\/1.gravatar.com\/avatar\/75deb054044120dc99dc4bb5ddfca5f7?s=96&d=blank&r=g","caption":"zvonimirjelinic"},"logo":{"@id":"http:\/\/zvonimirjelinic.from.hr\/#personlogo"}}]}},"_links":{"self":[{"href":"http:\/\/zvonimirjelinic.from.hr\/index.php?rest_route=\/wp\/v2\/posts\/475"}],"collection":[{"href":"http:\/\/zvonimirjelinic.from.hr\/index.php?rest_route=\/wp\/v2\/posts"}],"about":[{"href":"http:\/\/zvonimirjelinic.from.hr\/index.php?rest_route=\/wp\/v2\/types\/post"}],"author":[{"embeddable":true,"href":"http:\/\/zvonimirjelinic.from.hr\/index.php?rest_route=\/wp\/v2\/users\/1044"}],"replies":[{"embeddable":true,"href":"http:\/\/zvonimirjelinic.from.hr\/index.php?rest_route=%2Fwp%2Fv2%2Fcomments&post=475"}],"version-history":[{"count":4,"href":"http:\/\/zvonimirjelinic.from.hr\/index.php?rest_route=\/wp\/v2\/posts\/475\/revisions"}],"predecessor-version":[{"id":484,"href":"http:\/\/zvonimirjelinic.from.hr\/index.php?rest_route=\/wp\/v2\/posts\/475\/revisions\/484"}],"wp:featuredmedia":[{"embeddable":true,"href":"http:\/\/zvonimirjelinic.from.hr\/index.php?rest_route=\/wp\/v2\/media\/281"}],"wp:attachment":[{"href":"http:\/\/zvonimirjelinic.from.hr\/index.php?rest_route=%2Fwp%2Fv2%2Fmedia&parent=475"}],"wp:term":[{"taxonomy":"category","embeddable":true,"href":"http:\/\/zvonimirjelinic.from.hr\/index.php?rest_route=%2Fwp%2Fv2%2Fcategories&post=475"},{"taxonomy":"post_tag","embeddable":true,"href":"http:\/\/zvonimirjelinic.from.hr\/index.php?rest_route=%2Fwp%2Fv2%2Ftags&post=475"}],"curies":[{"name":"wp","href":"https:\/\/api.w.org\/{rel}","templated":true}]}}