{"id":631,"date":"2022-03-01T22:02:37","date_gmt":"2022-03-01T21:02:37","guid":{"rendered":"http:\/\/zvonimirjelinic.from.hr\/?p=631"},"modified":"2022-03-01T22:05:12","modified_gmt":"2022-03-01T21:05:12","slug":"ukrajinska-kriza-i-slavonija-i-baranja","status":"publish","type":"post","link":"http:\/\/zvonimirjelinic.from.hr\/?p=631","title":{"rendered":"Ukrajinska kriza i Slavonija i Baranja"},"content":{"rendered":"<p>Prije nego se vratim na temu parkiranja u Gradu moram se kratko osvrnuti na ovo \u0161to se trenutno doga\u0111a s ljudima koji su napustili i napu\u0161taju Ukrajinu i vijest da je Osijeku osigurano prihvatili\u0161te u dvorani Jug 2.<\/p>\n<p>Dakle mo\u017ee se dogoditi da ljudi doista do\u0111u u nekom broju i mi ih tada smjestimo u sportsku dvoranu Jug 2. Rat potraje i ti ljudi i dalje ostaju u toj dvorani i otvore se nove dvorane kao prihvatili\u0161ta. Tada imamo masu ljudi koja \u017eivi u gradskim dvorana i najvjerojatnije bi takvo stanje potrajalo do daljnjega kao \u0161to sada imamo situaciju na Banovini gdje ljudi \u017eive u kontejnerima i tamo \u0107e vjerojatno \u017eivjeti jo\u0161 o-ho-ho.<\/p>\n<p>Na\u0161e nesposobne elite o\u010dito nisu svjesne demografskog problema u kojemu smo se mi na\u0161li. Pozorniji uli\u010dni hoda\u0107i \u0107e primijetiti da u Osijeku i drugim slavonskim gradovima \u017eivi malo ljudi i da je dobna struktura, blago re\u010deno, katastrofalna. S katastrofalnom dobnom strukturom i bez intenzivnog naseljavanja na\u0161a mjesta su osu\u0111ena na propast i to bi sada ve\u0107 svima trebalo biti jasno. U takvim okolnostima ne mo\u017ee biti dobro nikome zato \u0161to ekonomska aktivnost prije ili kasnije po\u010dne pokazivati ozbiljne znakove kontrakcije i nakon nekog vremena ona prestane u svakom pogledu biti perspektivna. Nastaje i \u0161iri dru\u0161tveni problem zato \u0161to mjesta u kojima nema mladih ljudi ne mogu biti vesela i vedra, ona ne privla\u010de doga\u0111aje i postaju mrtva. U takvim okolnostima na\u0161 centar grada \u0107e godinama ostati takav je sada, s nekolicinom trgovina, poslovnicama banaka, opti\u010darskim radnjama i masom praznog i devastiranog prostora. S malo stanovnika i odvratno lo\u0161om dobnom strukturom mi naprosto nemamo \u0161anse, postati \u0107emo dosadni i stari takvi ne\u0107emo imati ni\u0161ta zanimljivo i privla\u010dno, bilo za studiranje, bilo za rad, bilo za \u017eivljenje, trgovinu, zabavu, bilo \u0161to.<\/p>\n<p>Ukrajinska kriza je velika osje\u010dka i op\u0107enito slavonska \u0161ansa. Ukrajinci su, ba\u0161 kao Rusi, topli ljudi. Oni su nam bliski po mnogo\u010demu, ne samo tome da su oni Isto\u010dni Slaveni, a mi Ju\u017eni Slaveni. Ukrajina ima puno ruralnog stanovni\u0161tva koje bi se lako uklopilo u napu\u0161tena slavonska manja mjesta. Ukrajina ima puno gradskog stanovni\u0161tva koje bi se lako uklopilo u gradske prilike i navike ovda\u0161njeg \u010dovjeka. Jesmo li mi toga svjesni? \u0160to se u vezi svega po\u010delo poduzimati? Dvorana Jug 2 i devastirani Motel Plitvice? To je ono \u0161to na\u0161e vlasti nude ovoga trenutka, a po potrebi i za stalno. One pri\u010de s odmarali\u0161tima na moru i mnogim drugim kolektivnim smje\u0161tajima u kojima su mnogi na\u0161li svoje uto\u010di\u0161te tijekom Domovinskog rata, a gdje su ina\u010de boravila poduze\u0107a, \u0161kole itd. zaboravite \u2013 toga vi\u0161e nema jer je sve \u0161to je valjalo rasprodano, utopljeno i rastrajbano. &nbsp;<\/p>\n<p>Njema\u010dka je morala milijun ili milijun ljudi negdje smjestiti i ona ih je vjerojatno do sada smjestila. Postoje dr\u017eavni i gradski stanovi, izgradili su se novi kapaciteti i nekako je svatko dobio svoj kutak od \u010detiri zida. Gdje bi mi dugoro\u010dno smjestili Ukrajince koji bi do\u0161li u Slavoniju? Postoji li bilo kakav pametan plan koji bi imao za cilj svim tim ljudima ovdje ponuditi priliku da ostanu \u017eivjeti odnosno njihovoj djeci pru\u017eiti priliku da se ovdje ostanu \u0161kolovati i kasnije raditi i imati obitelji? Ho\u0107emo li mo\u017eda poslati avion Croatia Airlines da iz Ko\u0161ica ili nekog drugog aerodroma dovodi ljude ovdje u Osijek kojima \u0107emo pru\u017eiti sve \u0161to je potrebno da shvate kako se ovdje mo\u017ee pristojno i mirno \u017eivjeti. U krajnjoj liniji pa nisu li se ukrajinski narodi i pro\u0161lih stolje\u0107a naseljavali ovdje i op\u0107enito doprinijeli razvoju i ekonomiji cijelog kraja (govorim o Rusinima koje Ukrajinci smatraju Ukrajincima)? Jesmo li mi svjesni da nama trebaju ljudi da bi mi samo odr\u017eali na\u0161e trenutno stanje koje je ni\u0161ta do najobi\u010dniji privid nekog po\u017eeljnog ili dobrog dru\u0161tvenog stanja?<\/p>\n<p>Mislim da mi nismo svjesni ni\u010dega pa zato u jeku krize na\u0161e vlasti nude Ukrajincima sportsku dvoranu Jug2 i smje\u0161taj u Motelu Plitvice. Na taj se na\u010din formalno iskazala briga, a u biti nikoga nije briga, niti za Ukrajince niti za nas same.<\/p>\n","protected":false},"excerpt":{"rendered":"<p>Prije nego se vratim na temu parkiranja u Gradu moram se kratko osvrnuti na ovo \u0161to se trenutno doga\u0111a s ljudima koji su napustili i napu\u0161taju Ukrajinu i vijest da je Osijeku osigurano prihvatili\u0161te u dvorani Jug 2. Dakle mo\u017ee&#8230;<\/p>\n","protected":false},"author":1044,"featured_media":0,"comment_status":"open","ping_status":"open","sticky":false,"template":"","format":"standard","meta":{"ngg_post_thumbnail":0},"categories":[1],"tags":[],"yoast_head":"<!-- This site is optimized with the Yoast SEO plugin v17.5 - https:\/\/yoast.com\/wordpress\/plugins\/seo\/ -->\n<title>Ukrajinska kriza i Slavonija i Baranja - Izv. prof. dr. Zvonimir Jelini\u0107 - Home Page<\/title>\n<meta name=\"robots\" content=\"index, follow, max-snippet:-1, max-image-preview:large, max-video-preview:-1\" \/>\n<link rel=\"canonical\" href=\"http:\/\/zvonimirjelinic.from.hr\/?p=631\" \/>\n<meta property=\"og:locale\" content=\"hr_HR\" \/>\n<meta property=\"og:type\" content=\"article\" \/>\n<meta property=\"og:title\" content=\"Ukrajinska kriza i Slavonija i Baranja - Izv. prof. dr. Zvonimir Jelini\u0107 - Home Page\" \/>\n<meta property=\"og:description\" content=\"Prije nego se vratim na temu parkiranja u Gradu moram se kratko osvrnuti na ovo \u0161to se trenutno doga\u0111a s ljudima koji su napustili i napu\u0161taju Ukrajinu i vijest da je Osijeku osigurano prihvatili\u0161te u dvorani Jug 2. Dakle mo\u017ee...\" \/>\n<meta property=\"og:url\" content=\"http:\/\/zvonimirjelinic.from.hr\/?p=631\" \/>\n<meta property=\"og:site_name\" content=\"Izv. prof. dr. Zvonimir Jelini\u0107 - Home Page\" \/>\n<meta property=\"article:published_time\" content=\"2022-03-01T21:02:37+00:00\" \/>\n<meta property=\"article:modified_time\" content=\"2022-03-01T21:05:12+00:00\" \/>\n<meta name=\"twitter:card\" content=\"summary\" \/>\n<meta name=\"twitter:label1\" content=\"Napisao\/la\" \/>\n\t<meta name=\"twitter:data1\" content=\"zvonimirjelinic\" \/>\n\t<meta name=\"twitter:label2\" content=\"Procijenjeno vrijeme \u010ditanja\" \/>\n\t<meta name=\"twitter:data2\" content=\"3 minute\" \/>\n<script type=\"application\/ld+json\" class=\"yoast-schema-graph\">{\"@context\":\"https:\/\/schema.org\",\"@graph\":[{\"@type\":\"WebSite\",\"@id\":\"http:\/\/zvonimirjelinic.from.hr\/#website\",\"url\":\"http:\/\/zvonimirjelinic.from.hr\/\",\"name\":\"Izv. prof. dr. Zvonimir Jelini\\u0107 - Home Page\",\"description\":\"\",\"publisher\":{\"@id\":\"http:\/\/zvonimirjelinic.from.hr\/#\/schema\/person\/902802c132d5af8d138cf9882ffcea52\"},\"potentialAction\":[{\"@type\":\"SearchAction\",\"target\":{\"@type\":\"EntryPoint\",\"urlTemplate\":\"http:\/\/zvonimirjelinic.from.hr\/?s={search_term_string}\"},\"query-input\":\"required name=search_term_string\"}],\"inLanguage\":\"hr\"},{\"@type\":\"WebPage\",\"@id\":\"http:\/\/zvonimirjelinic.from.hr\/?p=631#webpage\",\"url\":\"http:\/\/zvonimirjelinic.from.hr\/?p=631\",\"name\":\"Ukrajinska kriza i Slavonija i Baranja - Izv. prof. dr. Zvonimir Jelini\\u0107 - Home Page\",\"isPartOf\":{\"@id\":\"http:\/\/zvonimirjelinic.from.hr\/#website\"},\"datePublished\":\"2022-03-01T21:02:37+00:00\",\"dateModified\":\"2022-03-01T21:05:12+00:00\",\"breadcrumb\":{\"@id\":\"http:\/\/zvonimirjelinic.from.hr\/?p=631#breadcrumb\"},\"inLanguage\":\"hr\",\"potentialAction\":[{\"@type\":\"ReadAction\",\"target\":[\"http:\/\/zvonimirjelinic.from.hr\/?p=631\"]}]},{\"@type\":\"BreadcrumbList\",\"@id\":\"http:\/\/zvonimirjelinic.from.hr\/?p=631#breadcrumb\",\"itemListElement\":[{\"@type\":\"ListItem\",\"position\":1,\"name\":\"Home\",\"item\":\"http:\/\/zvonimirjelinic.from.hr\/\"},{\"@type\":\"ListItem\",\"position\":2,\"name\":\"Ukrajinska kriza i Slavonija i Baranja\"}]},{\"@type\":\"Article\",\"@id\":\"http:\/\/zvonimirjelinic.from.hr\/?p=631#article\",\"isPartOf\":{\"@id\":\"http:\/\/zvonimirjelinic.from.hr\/?p=631#webpage\"},\"author\":{\"@id\":\"http:\/\/zvonimirjelinic.from.hr\/#\/schema\/person\/902802c132d5af8d138cf9882ffcea52\"},\"headline\":\"Ukrajinska kriza i Slavonija i Baranja\",\"datePublished\":\"2022-03-01T21:02:37+00:00\",\"dateModified\":\"2022-03-01T21:05:12+00:00\",\"mainEntityOfPage\":{\"@id\":\"http:\/\/zvonimirjelinic.from.hr\/?p=631#webpage\"},\"wordCount\":726,\"commentCount\":0,\"publisher\":{\"@id\":\"http:\/\/zvonimirjelinic.from.hr\/#\/schema\/person\/902802c132d5af8d138cf9882ffcea52\"},\"articleSection\":[\"Uncategorized\"],\"inLanguage\":\"hr\",\"potentialAction\":[{\"@type\":\"CommentAction\",\"name\":\"Comment\",\"target\":[\"http:\/\/zvonimirjelinic.from.hr\/?p=631#respond\"]}]},{\"@type\":[\"Person\",\"Organization\"],\"@id\":\"http:\/\/zvonimirjelinic.from.hr\/#\/schema\/person\/902802c132d5af8d138cf9882ffcea52\",\"name\":\"zvonimirjelinic\",\"image\":{\"@type\":\"ImageObject\",\"@id\":\"http:\/\/zvonimirjelinic.from.hr\/#personlogo\",\"inLanguage\":\"hr\",\"url\":\"http:\/\/1.gravatar.com\/avatar\/75deb054044120dc99dc4bb5ddfca5f7?s=96&d=blank&r=g\",\"contentUrl\":\"http:\/\/1.gravatar.com\/avatar\/75deb054044120dc99dc4bb5ddfca5f7?s=96&d=blank&r=g\",\"caption\":\"zvonimirjelinic\"},\"logo\":{\"@id\":\"http:\/\/zvonimirjelinic.from.hr\/#personlogo\"}}]}<\/script>\n<!-- \/ Yoast SEO plugin. -->","yoast_head_json":{"title":"Ukrajinska kriza i Slavonija i Baranja - Izv. prof. dr. Zvonimir Jelini\u0107 - Home Page","robots":{"index":"index","follow":"follow","max-snippet":"max-snippet:-1","max-image-preview":"max-image-preview:large","max-video-preview":"max-video-preview:-1"},"canonical":"http:\/\/zvonimirjelinic.from.hr\/?p=631","og_locale":"hr_HR","og_type":"article","og_title":"Ukrajinska kriza i Slavonija i Baranja - Izv. prof. dr. Zvonimir Jelini\u0107 - Home Page","og_description":"Prije nego se vratim na temu parkiranja u Gradu moram se kratko osvrnuti na ovo \u0161to se trenutno doga\u0111a s ljudima koji su napustili i napu\u0161taju Ukrajinu i vijest da je Osijeku osigurano prihvatili\u0161te u dvorani Jug 2. Dakle mo\u017ee...","og_url":"http:\/\/zvonimirjelinic.from.hr\/?p=631","og_site_name":"Izv. prof. dr. Zvonimir Jelini\u0107 - Home Page","article_published_time":"2022-03-01T21:02:37+00:00","article_modified_time":"2022-03-01T21:05:12+00:00","twitter_card":"summary","twitter_misc":{"Napisao\/la":"zvonimirjelinic","Procijenjeno vrijeme \u010ditanja":"3 minute"},"schema":{"@context":"https:\/\/schema.org","@graph":[{"@type":"WebSite","@id":"http:\/\/zvonimirjelinic.from.hr\/#website","url":"http:\/\/zvonimirjelinic.from.hr\/","name":"Izv. prof. dr. Zvonimir Jelini\u0107 - Home Page","description":"","publisher":{"@id":"http:\/\/zvonimirjelinic.from.hr\/#\/schema\/person\/902802c132d5af8d138cf9882ffcea52"},"potentialAction":[{"@type":"SearchAction","target":{"@type":"EntryPoint","urlTemplate":"http:\/\/zvonimirjelinic.from.hr\/?s={search_term_string}"},"query-input":"required name=search_term_string"}],"inLanguage":"hr"},{"@type":"WebPage","@id":"http:\/\/zvonimirjelinic.from.hr\/?p=631#webpage","url":"http:\/\/zvonimirjelinic.from.hr\/?p=631","name":"Ukrajinska kriza i Slavonija i Baranja - Izv. prof. dr. Zvonimir Jelini\u0107 - Home Page","isPartOf":{"@id":"http:\/\/zvonimirjelinic.from.hr\/#website"},"datePublished":"2022-03-01T21:02:37+00:00","dateModified":"2022-03-01T21:05:12+00:00","breadcrumb":{"@id":"http:\/\/zvonimirjelinic.from.hr\/?p=631#breadcrumb"},"inLanguage":"hr","potentialAction":[{"@type":"ReadAction","target":["http:\/\/zvonimirjelinic.from.hr\/?p=631"]}]},{"@type":"BreadcrumbList","@id":"http:\/\/zvonimirjelinic.from.hr\/?p=631#breadcrumb","itemListElement":[{"@type":"ListItem","position":1,"name":"Home","item":"http:\/\/zvonimirjelinic.from.hr\/"},{"@type":"ListItem","position":2,"name":"Ukrajinska kriza i Slavonija i Baranja"}]},{"@type":"Article","@id":"http:\/\/zvonimirjelinic.from.hr\/?p=631#article","isPartOf":{"@id":"http:\/\/zvonimirjelinic.from.hr\/?p=631#webpage"},"author":{"@id":"http:\/\/zvonimirjelinic.from.hr\/#\/schema\/person\/902802c132d5af8d138cf9882ffcea52"},"headline":"Ukrajinska kriza i Slavonija i Baranja","datePublished":"2022-03-01T21:02:37+00:00","dateModified":"2022-03-01T21:05:12+00:00","mainEntityOfPage":{"@id":"http:\/\/zvonimirjelinic.from.hr\/?p=631#webpage"},"wordCount":726,"commentCount":0,"publisher":{"@id":"http:\/\/zvonimirjelinic.from.hr\/#\/schema\/person\/902802c132d5af8d138cf9882ffcea52"},"articleSection":["Uncategorized"],"inLanguage":"hr","potentialAction":[{"@type":"CommentAction","name":"Comment","target":["http:\/\/zvonimirjelinic.from.hr\/?p=631#respond"]}]},{"@type":["Person","Organization"],"@id":"http:\/\/zvonimirjelinic.from.hr\/#\/schema\/person\/902802c132d5af8d138cf9882ffcea52","name":"zvonimirjelinic","image":{"@type":"ImageObject","@id":"http:\/\/zvonimirjelinic.from.hr\/#personlogo","inLanguage":"hr","url":"http:\/\/1.gravatar.com\/avatar\/75deb054044120dc99dc4bb5ddfca5f7?s=96&d=blank&r=g","contentUrl":"http:\/\/1.gravatar.com\/avatar\/75deb054044120dc99dc4bb5ddfca5f7?s=96&d=blank&r=g","caption":"zvonimirjelinic"},"logo":{"@id":"http:\/\/zvonimirjelinic.from.hr\/#personlogo"}}]}},"_links":{"self":[{"href":"http:\/\/zvonimirjelinic.from.hr\/index.php?rest_route=\/wp\/v2\/posts\/631"}],"collection":[{"href":"http:\/\/zvonimirjelinic.from.hr\/index.php?rest_route=\/wp\/v2\/posts"}],"about":[{"href":"http:\/\/zvonimirjelinic.from.hr\/index.php?rest_route=\/wp\/v2\/types\/post"}],"author":[{"embeddable":true,"href":"http:\/\/zvonimirjelinic.from.hr\/index.php?rest_route=\/wp\/v2\/users\/1044"}],"replies":[{"embeddable":true,"href":"http:\/\/zvonimirjelinic.from.hr\/index.php?rest_route=%2Fwp%2Fv2%2Fcomments&post=631"}],"version-history":[{"count":2,"href":"http:\/\/zvonimirjelinic.from.hr\/index.php?rest_route=\/wp\/v2\/posts\/631\/revisions"}],"predecessor-version":[{"id":634,"href":"http:\/\/zvonimirjelinic.from.hr\/index.php?rest_route=\/wp\/v2\/posts\/631\/revisions\/634"}],"wp:attachment":[{"href":"http:\/\/zvonimirjelinic.from.hr\/index.php?rest_route=%2Fwp%2Fv2%2Fmedia&parent=631"}],"wp:term":[{"taxonomy":"category","embeddable":true,"href":"http:\/\/zvonimirjelinic.from.hr\/index.php?rest_route=%2Fwp%2Fv2%2Fcategories&post=631"},{"taxonomy":"post_tag","embeddable":true,"href":"http:\/\/zvonimirjelinic.from.hr\/index.php?rest_route=%2Fwp%2Fv2%2Ftags&post=631"}],"curies":[{"name":"wp","href":"https:\/\/api.w.org\/{rel}","templated":true}]}}